
{"id":51135,"date":"2025-09-25T12:07:50","date_gmt":"2025-09-25T12:07:50","guid":{"rendered":"https:\/\/marketac.eu\/joint-meeting-with-the-outermost-regions-advisory-council\/"},"modified":"2025-09-25T12:15:41","modified_gmt":"2025-09-25T12:15:41","slug":"joint-meeting-with-the-outermost-regions-advisory-council","status":"publish","type":"post","link":"https:\/\/marketac.eu\/fr\/joint-meeting-with-the-outermost-regions-advisory-council\/","title":{"rendered":"R\u00e9union conjointe avec le Conseil consultatif des r\u00e9gions ultrap\u00e9riph\u00e9riques"},"content":{"rendered":"\t\t<div data-elementor-type=\"wp-post\" data-elementor-id=\"51135\" class=\"elementor elementor-51135 elementor-51121\" data-elementor-post-type=\"post\">\n\t\t\t\t\t\t<section class=\"elementor-section elementor-top-section elementor-element elementor-element-594e1a8 elementor-section-boxed elementor-section-height-default elementor-section-height-default\" data-id=\"594e1a8\" data-element_type=\"section\" data-e-type=\"section\" data-settings=\"{&quot;pix_scale_in&quot;:&quot;none&quot;}\">\n\t\t\t\t\t\t<div class=\"elementor-container elementor-column-gap-default\">\n\t\t\t\t\t<div class=\"elementor-column elementor-col-100 elementor-top-column elementor-element elementor-element-fe8e98f\" data-id=\"fe8e98f\" data-element_type=\"column\" data-e-type=\"column\" data-settings=\"{&quot;pix_scale_in&quot;:&quot;none&quot;}\">\n\t\t\t<div class=\"elementor-widget-wrap elementor-element-populated\">\n\t\t\t\t\t\t<div class=\"elementor-element elementor-element-b904afd elementor-widget elementor-widget-image\" data-id=\"b904afd\" data-element_type=\"widget\" data-e-type=\"widget\" data-widget_type=\"image.default\">\n\t\t\t\t<div class=\"elementor-widget-container\">\n\t\t\t\t\t\t\t\t\t\t\t\t\t\t\t<img fetchpriority=\"high\" decoding=\"async\" width=\"640\" height=\"418\" src=\"https:\/\/marketac.eu\/wp-content\/uploads\/2025\/09\/1758306241433_-1024x669.jpg\" class=\"attachment-large size-large wp-image-51116\" alt=\"\" srcset=\"https:\/\/marketac.eu\/wp-content\/uploads\/2025\/09\/1758306241433_-1024x669.jpg 1024w, https:\/\/marketac.eu\/wp-content\/uploads\/2025\/09\/1758306241433_-300x196.jpg 300w, https:\/\/marketac.eu\/wp-content\/uploads\/2025\/09\/1758306241433_-768x502.jpg 768w, https:\/\/marketac.eu\/wp-content\/uploads\/2025\/09\/1758306241433_-1536x1004.jpg 1536w, https:\/\/marketac.eu\/wp-content\/uploads\/2025\/09\/1758306241433_.jpg 1705w\" sizes=\"(max-width: 640px) 100vw, 640px\" \/>\t\t\t\t\t\t\t\t\t\t\t\t\t\t\t<\/div>\n\t\t\t\t<\/div>\n\t\t\t\t<div class=\"elementor-element elementor-element-b22766b elementor-widget elementor-widget-text-editor\" data-id=\"b22766b\" data-element_type=\"widget\" data-e-type=\"widget\" data-widget_type=\"text-editor.default\">\n\t\t\t\t<div class=\"elementor-widget-container\">\n\t\t\t\t\t\t\t\t\t<p><strong><span style=\"color: #000000;\">R\u00e9union conjointe avec le Conseil consultatif des r\u00e9gions ultrap\u00e9riph\u00e9riques<\/span><\/strong><\/p><p><span style=\"color: #000000;\">Le 16 septembre 2025, \u00e0 Las Palmas, le Conseil consultatif du march\u00e9 a tenu une r\u00e9union conjointe avec le Conseil consultatif des r\u00e9gions ultrap\u00e9riph\u00e9riques (CCRUP) afin d&rsquo;\u00e9changer sur le march\u00e9 des produits de la p\u00eache et de l&rsquo;aquaculture des r\u00e9gions ultrap\u00e9riph\u00e9riques.<\/span><\/p><p><span style=\"color: #000000;\">La r\u00e9union a b\u00e9n\u00e9fici\u00e9 de la participation de Charlina Vitcheva (directrice g\u00e9n\u00e9rale de la DG MARE), Isabel Artime (secr\u00e9taire g\u00e9n\u00e9rale de la p\u00eache de l&rsquo;Espagne), Salvador Malheiro (secr\u00e9taire d&rsquo;\u00c9tat \u00e0 la p\u00eache et \u00e0 la mer du Portugal), Padma Chinta (chef du bureau de l&rsquo;\u00e9conomie de la p\u00eache de la France), Susan Steele (directrice ex\u00e9cutive de l&rsquo;Agence europ\u00e9enne de contr\u00f4le des p\u00eaches), Narvay Quintero (conseiller pour l&rsquo;agriculture, l&rsquo;\u00e9levage, la p\u00eache et la souverainet\u00e9 alimentaire du gouvernement des \u00eeles Canaries) et Jose Pascual-Fernandez (chercheur \u00e0 l&rsquo;universit\u00e9 de La Laguna). Le d\u00e9put\u00e9 europ\u00e9en Gabriel Mato a aimablement envoy\u00e9 un message vid\u00e9o.<\/span><\/p><p><span style=\"color: #000000;\">Dans l&rsquo;apr\u00e8s-midi, les participants ont visit\u00e9 les installations de production et de transformation d&rsquo;une entreprise aquacole locale, Aquanaria, afin d&rsquo;observer les structures offshore et l&rsquo;alimentation des bars en cage, ainsi que des d\u00e9monstrations des processus d&#8217;emballage et d&rsquo;\u00e9tiquetage.<\/span><\/p>\t\t\t\t\t\t\t\t<\/div>\n\t\t\t\t<\/div>\n\t\t\t\t<div class=\"elementor-element elementor-element-071a649 elementor-widget elementor-widget-image\" data-id=\"071a649\" data-element_type=\"widget\" data-e-type=\"widget\" data-widget_type=\"image.default\">\n\t\t\t\t<div class=\"elementor-widget-container\">\n\t\t\t\t\t\t\t\t\t\t\t\t\t\t\t<img decoding=\"async\" width=\"640\" height=\"416\" src=\"https:\/\/marketac.eu\/wp-content\/uploads\/2025\/09\/1758306189329-1024x665.jpg\" class=\"attachment-large size-large wp-image-51119\" alt=\"\" srcset=\"https:\/\/marketac.eu\/wp-content\/uploads\/2025\/09\/1758306189329-1024x665.jpg 1024w, https:\/\/marketac.eu\/wp-content\/uploads\/2025\/09\/1758306189329-300x195.jpg 300w, https:\/\/marketac.eu\/wp-content\/uploads\/2025\/09\/1758306189329-768x498.jpg 768w, https:\/\/marketac.eu\/wp-content\/uploads\/2025\/09\/1758306189329-1536x997.jpg 1536w, https:\/\/marketac.eu\/wp-content\/uploads\/2025\/09\/1758306189329.jpg 2048w\" sizes=\"(max-width: 640px) 100vw, 640px\" \/>\t\t\t\t\t\t\t\t\t\t\t\t\t\t\t<\/div>\n\t\t\t\t<\/div>\n\t\t\t\t\t<\/div>\n\t\t<\/div>\n\t\t\t\t\t<\/div>\n\t\t<\/section>\n\t\t\t\t<\/div>\n\t\t","protected":false},"excerpt":{"rendered":"<p>R\u00e9union conjointe avec le Conseil consultatif des r\u00e9gions ultrap\u00e9riph\u00e9riques Le 16 septembre 2025, \u00e0 Las Palmas, le Conseil consultatif du march\u00e9 a tenu une r\u00e9union conjointe avec le Conseil consultatif des r\u00e9gions ultrap\u00e9riph\u00e9riques (CCRUP) afin d&rsquo;\u00e9changer sur le march\u00e9 des&#8230;<\/p>\n","protected":false},"author":2,"featured_media":0,"comment_status":"closed","ping_status":"closed","sticky":false,"template":"","format":"standard","meta":{"footnotes":""},"categories":[197],"tags":[285],"class_list":["post-51135","post","type-post","status-publish","format-standard","hentry","category-news-fr","tag-2025-fr"],"_links":{"self":[{"href":"https:\/\/marketac.eu\/fr\/wp-json\/wp\/v2\/posts\/51135","targetHints":{"allow":["GET"]}}],"collection":[{"href":"https:\/\/marketac.eu\/fr\/wp-json\/wp\/v2\/posts"}],"about":[{"href":"https:\/\/marketac.eu\/fr\/wp-json\/wp\/v2\/types\/post"}],"author":[{"embeddable":true,"href":"https:\/\/marketac.eu\/fr\/wp-json\/wp\/v2\/users\/2"}],"replies":[{"embeddable":true,"href":"https:\/\/marketac.eu\/fr\/wp-json\/wp\/v2\/comments?post=51135"}],"version-history":[{"count":8,"href":"https:\/\/marketac.eu\/fr\/wp-json\/wp\/v2\/posts\/51135\/revisions"}],"predecessor-version":[{"id":51143,"href":"https:\/\/marketac.eu\/fr\/wp-json\/wp\/v2\/posts\/51135\/revisions\/51143"}],"wp:attachment":[{"href":"https:\/\/marketac.eu\/fr\/wp-json\/wp\/v2\/media?parent=51135"}],"wp:term":[{"taxonomy":"category","embeddable":true,"href":"https:\/\/marketac.eu\/fr\/wp-json\/wp\/v2\/categories?post=51135"},{"taxonomy":"post_tag","embeddable":true,"href":"https:\/\/marketac.eu\/fr\/wp-json\/wp\/v2\/tags?post=51135"}],"curies":[{"name":"wp","href":"https:\/\/api.w.org\/{rel}","templated":true}]}}