
{"id":37656,"date":"2023-04-06T14:10:31","date_gmt":"2023-04-06T14:10:31","guid":{"rendered":"https:\/\/marketac.eu\/?p=37656"},"modified":"2023-04-25T11:47:02","modified_gmt":"2023-04-25T11:47:02","slug":"communique-de-presse-recommandations-sur-lannee-europeenne-des-competences-en-particulier-les-besoins-du-secteur-de-la-peche-et-de-laquaculture","status":"publish","type":"post","link":"https:\/\/marketac.eu\/fr\/communique-de-presse-recommandations-sur-lannee-europeenne-des-competences-en-particulier-les-besoins-du-secteur-de-la-peche-et-de-laquaculture\/","title":{"rendered":"Recommandations sur l\u2019Ann\u00e9e europ\u00e9enne des comp\u00e9tences, en particulier les besoins du secteur de la p\u00eache et de l\u2019aquaculture"},"content":{"rendered":"\t\t<div data-elementor-type=\"wp-post\" data-elementor-id=\"37656\" class=\"elementor elementor-37656 elementor-37556\" data-elementor-post-type=\"post\">\n\t\t\t\t\t\t<section class=\"elementor-section elementor-top-section elementor-element elementor-element-74a0aaf0 elementor-section-boxed elementor-section-height-default elementor-section-height-default\" data-id=\"74a0aaf0\" data-element_type=\"section\" data-e-type=\"section\" data-settings=\"{&quot;pix_scale_in&quot;:&quot;none&quot;}\">\n\t\t\t\t\t\t<div class=\"elementor-container elementor-column-gap-default\">\n\t\t\t\t\t<div class=\"elementor-column elementor-col-100 elementor-top-column elementor-element elementor-element-a824219\" data-id=\"a824219\" data-element_type=\"column\" data-e-type=\"column\" data-settings=\"{&quot;pix_scale_in&quot;:&quot;none&quot;}\">\n\t\t\t<div class=\"elementor-widget-wrap elementor-element-populated\">\n\t\t\t\t\t\t<div class=\"elementor-element elementor-element-9be5f59 elementor-widget elementor-widget-text-editor\" data-id=\"9be5f59\" data-element_type=\"widget\" data-e-type=\"widget\" data-widget_type=\"text-editor.default\">\n\t\t\t\t<div class=\"elementor-widget-container\">\n\t\t\t\t\t\t\t\t\t<p>Le Conseil consultatif pour les march\u00e9s (MAC) a formul\u00e9 des recommandations \u00e0 l\u2019intention de<br \/>la Commission europ\u00e9enne sur l\u2019Ann\u00e9e europ\u00e9enne des comp\u00e9tences 2023, une initiative de<br \/>l\u2019UE visant \u00e0 stimuler l\u2019apprentissage tout au long de la vie, \u00e0 donner aux citoyens et aux<br \/>entreprises les moyens de contribuer aux transitions \u00e9cologique et num\u00e9rique, \u00e0 soutenir<br \/>l\u2019innovation et la comp\u00e9titivit\u00e9. Pour atteindre ces objectifs, la Commission encouragera les<br \/>possibilit\u00e9s de perfectionnement et de reconversion et organisera des \u00e9v\u00e9nements et des<br \/>campagnes de sensibilisation dans toute l\u2019UE.<\/p><p><br \/>Selon les membres du MAC, la Commission europ\u00e9enne devrait :<\/p><p><br \/>\u2212 Mettre en place une feuille de route pour rem\u00e9dier aux difficult\u00e9s de recrutement<br \/>importantes rencontr\u00e9es par le secteur, telles que la r\u00e9partition g\u00e9ographique dans les<br \/>zones c\u00f4ti\u00e8res et rurales, la concurrence d\u2019autres activit\u00e9s, les lacunes en mati\u00e8re de<br \/>comp\u00e9tences, les niveaux de salaire, les conditions de travail, les co\u00fbts de formation, la<br \/>formation professionnelle, l\u2019attractivit\u00e9 du secteur, la d\u00e9pendance \u00e0 l\u2019\u00e9gard des<br \/>travailleurs de pays tiers.<br \/>\u2212 Assurer l\u2019apprentissage tout au long de la vie, le perfectionnement et la reconversion<br \/>par le d\u00e9veloppement d\u2019un syst\u00e8me intersectoriel d\u2019accr\u00e9ditation des comp\u00e9tences<br \/>existantes, la promotion des possibilit\u00e9s de perfectionnement et de requalification, la<br \/>formulation et l\u2019adaptation de la formation, l\u2019identification des parcours professionnels,<br \/>les campagnes de communication et l\u2019investissement dans les centres de formation<br \/>professionnelle.<br \/>\u2212 Promouvoir la sensibilisation aux comp\u00e9tences pertinentes pour le secteur, telles que<br \/>la s\u00e9curit\u00e9 \u00e0 bord et dans les fermes aquacoles, la durabilit\u00e9 dans la production, les<br \/>pratiques commerciales \u00e9quitables et les contrats internationaux, la valorisation des produits, les comp\u00e9tences num\u00e9riques, la maintenance des outils de production, la<br \/>gestion d\u2019entreprise, le marketing et la communication.<br \/>\u2212 Promouvoir l\u2019attractivit\u00e9 du secteur par des mesures de meilleure sensibilisation aux<br \/>emplois, de suppression de l\u2019image n\u00e9gative du secteur, de meilleures conditions de<br \/>travail, d\u2019augmentation de la disponibilit\u00e9 du logement et des transports, du<br \/>d\u00e9veloppement des pratiques de production (automatisation, robotisation,<br \/>num\u00e9risation) pour supprimer les aspects p\u00e9nibles inh\u00e9rents aux activit\u00e9s<br \/>professionnelles.<br \/>\u2212 Engagement des parties prenantes de la p\u00eache et de l\u2019aquaculture, notamment pour<br \/>accro\u00eetre la sensibilisation au Pacte pour les comp\u00e9tences(action phare visant \u00e0 impliquer<br \/>les organisations publiques et priv\u00e9es), pour concevoir et mettre en \u0153uvre des mesures<br \/>de formation, de perfectionnement et de requalification, et pour une plus grande<br \/>attractivit\u00e9 du secteur aupr\u00e8s de la jeune g\u00e9n\u00e9ration et d\u2019autres travailleurs potentiels.<br \/>\u2212 Faciliter l\u2019acc\u00e8s et l\u2019utilisation des m\u00e9canismes de financement et d\u2019assistance<br \/>disponibles de l\u2019UE (par exemple, Fonds social europ\u00e9en Plus, Horizon Europe, Erasmus+,<br \/>EMFAF Blue Careers), y compris par des s\u00e9ances de clarification, une meilleure lisibilit\u00e9<br \/>des m\u00e9canismes, une meilleure communication \u2013 diffusion dans les langues nationales de<br \/>chaque \u00c9tat membre et identification d\u2019officiers de liaison dans les entreprises et les<br \/>associations sectorielles.<\/p><p><br \/>Pierre Comm\u00e8re, pr\u00e9sident du groupe de travail 2 (march\u00e9s de l\u2019UE), a soulign\u00e9 : \u00ab<em> Le<\/em><br \/><em>renouvellement g\u00e9n\u00e9rationnel reste un d\u00e9fi pour la cha\u00eene de valeur de la p\u00eache et de<\/em><br \/><em>l\u2019aquaculture. Par cons\u00e9quent, la d\u00e9claration de 2023 comme Ann\u00e9e europ\u00e9enne des<\/em><br \/><em>comp\u00e9tences offre \u00e0 la Commission europ\u00e9enne et aux \u00c9tats membres de l\u2019UE l\u2019occasion de<\/em><br \/><em>s\u2019attaquer \u00e0 ce probl\u00e8me ainsi qu\u2019\u00e0 d\u2019autres difficult\u00e9s de recrutement et lacunes en mati\u00e8re de<\/em><br \/><em>comp\u00e9tences. Les membres esp\u00e8rent que cette initiative conduira \u00e0 un engagement accru avec<\/em><br \/><em>les parties prenantes, garantissant un acc\u00e8s et une utilisation plus faciles des fonds<\/em><br \/><em>d\u2019investissement publics pour le d\u00e9veloppement des comp\u00e9tences<\/em> \u00bb.<\/p>\t\t\t\t\t\t\t\t<\/div>\n\t\t\t\t<\/div>\n\t\t\t\t\t<\/div>\n\t\t<\/div>\n\t\t\t\t\t<\/div>\n\t\t<\/section>\n\t\t\t\t<section class=\"elementor-section elementor-top-section elementor-element elementor-element-5c081126 elementor-section-boxed elementor-section-height-default elementor-section-height-default\" data-id=\"5c081126\" data-element_type=\"section\" data-e-type=\"section\" data-settings=\"{&quot;animation&quot;:&quot;none&quot;,&quot;pix_scale_in&quot;:&quot;none&quot;}\">\n\t\t\t\t\t\t<div class=\"elementor-container elementor-column-gap-default\">\n\t\t\t\t\t<div class=\"elementor-column elementor-col-100 elementor-top-column elementor-element elementor-element-5501f5d6\" data-id=\"5501f5d6\" data-element_type=\"column\" data-e-type=\"column\" data-settings=\"{&quot;animation&quot;:&quot;none&quot;,&quot;pix_scale_in&quot;:&quot;none&quot;}\">\n\t\t\t<div class=\"elementor-widget-wrap elementor-element-populated\">\n\t\t\t\t\t\t<section class=\"elementor-section elementor-inner-section elementor-element elementor-element-3266a5d3 bg-white shadow shadow-hover-lg fly-sm rounded-10 overflow-hidden elementor-section-boxed elementor-section-height-default elementor-section-height-default\" data-id=\"3266a5d3\" data-element_type=\"section\" data-e-type=\"section\" data-settings=\"{&quot;pix_scale_in&quot;:&quot;none&quot;}\">\n\t\t\t\t\t\t<div class=\"elementor-container elementor-column-gap-default\">\n\t\t\t\t\t<div class=\"elementor-column elementor-col-50 elementor-inner-column elementor-element elementor-element-63e18205\" data-id=\"63e18205\" data-element_type=\"column\" data-e-type=\"column\" data-settings=\"{&quot;animation&quot;:&quot;none&quot;,&quot;pix_scale_in&quot;:&quot;none&quot;}\">\n\t\t\t<div class=\"elementor-widget-wrap elementor-element-populated\">\n\t\t\t\t\t\t<div class=\"elementor-element elementor-element-54fe45dc elementor-widget elementor-widget-pix-sliding-text\" data-id=\"54fe45dc\" data-element_type=\"widget\" data-e-type=\"widget\" data-settings=\"{&quot;_animation&quot;:&quot;none&quot;}\" data-widget_type=\"pix-sliding-text.default\">\n\t\t\t\t<div class=\"elementor-widget-container\">\n\t\t\t\t\t<div id=\"el-54fe45dc\" class=\"mb-3 text-left \"><p class=\"mb-32 pix-sliding-headline-2 animate-in font-weight-bold body-font \" data-anim-type=\"pix-sliding-text\" data-class=\"body-font text-secondary\" style=\"\"><span class=\"slide-in-container \"><span class=\"pix-sliding-item body-font text-secondary\" style=\"transition-delay: 0ms;\">Communiqu\u00e9&#32;<\/span><\/span> <span class=\"slide-in-container \"><span class=\"pix-sliding-item body-font text-secondary\" style=\"transition-delay: 150ms;\">de&#32;<\/span><\/span> <span class=\"slide-in-container \"><span class=\"pix-sliding-item body-font text-secondary\" style=\"transition-delay: 300ms;\">presse&#32;<\/span><\/span> <\/p><\/div>\t\t\t\t<\/div>\n\t\t\t\t<\/div>\n\t\t\t\t\t<\/div>\n\t\t<\/div>\n\t\t\t\t<div class=\"elementor-column elementor-col-50 elementor-inner-column elementor-element elementor-element-737cb25d\" data-id=\"737cb25d\" data-element_type=\"column\" data-e-type=\"column\" data-settings=\"{&quot;pix_scale_in&quot;:&quot;none&quot;}\">\n\t\t\t<div class=\"elementor-widget-wrap elementor-element-populated\">\n\t\t\t\t\t\t<div class=\"elementor-element elementor-element-787d7ced elementor-widget elementor-widget-pix-button\" data-id=\"787d7ced\" data-element_type=\"widget\" data-e-type=\"widget\" data-widget_type=\"pix-button.default\">\n\t\t\t\t<div class=\"elementor-widget-container\">\n\t\t\t\t\t<div class=\"d-block w-100 text-center\"><a  href=\"https:\/\/marketac.eu\/wp-content\/uploads\/2023\/04\/MAC-Press-Release-European-Year-of-Skills-05.04.2023-FR.pdf\" class=\"btn m-0     shadow-hover-sm text-white btn-primary d-inline-flex align-items-center pix-hover-item      btn-rounded pix-btn-div btn-sm\" target=\"_blank\" rel=\"noopener\"    ><span class=\"font-weight-bold \" >T\u00e9l\u00e9charger<\/span><svg class=\"pixfort-icon font-weight-bold  pix-hover-right  ml-2\" width=\"24\" height=\"24\"  data-name=\"Line\/pixfort-icon-arrow-bottom-circle-1\" viewBox=\"2 2 20 20\"><path fill=\"none\" stroke=\"var(--pf-icon-color)\" stroke-linecap=\"round\" stroke-linejoin=\"round\" stroke-width=\"var(--pf-icon-stroke-width)\" d=\"M12,21 C16.9705627,21 21,16.9705627 21,12 C21,7.02943725 16.9705627,3 12,3 C7.02943725,3 3,7.02943725 3,12 C3,16.9705627 7.02943725,21 12,21 Z M12,16 L12,7 M7,12 L12,17 L17,12\"\/><\/svg><\/a><\/div>\t\t\t\t<\/div>\n\t\t\t\t<\/div>\n\t\t\t\t\t<\/div>\n\t\t<\/div>\n\t\t\t\t\t<\/div>\n\t\t<\/section>\n\t\t\t\t\t<\/div>\n\t\t<\/div>\n\t\t\t\t\t<\/div>\n\t\t<\/section>\n\t\t\t\t<\/div>\n\t\t","protected":false},"excerpt":{"rendered":"<p>Le Conseil consultatif pour les march\u00e9s (MAC) a formul\u00e9 des recommandations \u00e0 l\u2019intention de la Commission europ\u00e9enne sur l\u2019Ann\u00e9e europ\u00e9enne des comp\u00e9tences 2023, une initiative de l\u2019UE visant \u00e0 stimuler l\u2019apprentissage tout au long de la vie, \u00e0 donner aux&#8230;<\/p>\n","protected":false},"author":2,"featured_media":0,"comment_status":"closed","ping_status":"closed","sticky":false,"template":"","format":"standard","meta":{"footnotes":""},"categories":[197],"tags":[],"class_list":["post-37656","post","type-post","status-publish","format-standard","hentry","category-news-fr"],"_links":{"self":[{"href":"https:\/\/marketac.eu\/fr\/wp-json\/wp\/v2\/posts\/37656","targetHints":{"allow":["GET"]}}],"collection":[{"href":"https:\/\/marketac.eu\/fr\/wp-json\/wp\/v2\/posts"}],"about":[{"href":"https:\/\/marketac.eu\/fr\/wp-json\/wp\/v2\/types\/post"}],"author":[{"embeddable":true,"href":"https:\/\/marketac.eu\/fr\/wp-json\/wp\/v2\/users\/2"}],"replies":[{"embeddable":true,"href":"https:\/\/marketac.eu\/fr\/wp-json\/wp\/v2\/comments?post=37656"}],"version-history":[{"count":13,"href":"https:\/\/marketac.eu\/fr\/wp-json\/wp\/v2\/posts\/37656\/revisions"}],"predecessor-version":[{"id":38087,"href":"https:\/\/marketac.eu\/fr\/wp-json\/wp\/v2\/posts\/37656\/revisions\/38087"}],"wp:attachment":[{"href":"https:\/\/marketac.eu\/fr\/wp-json\/wp\/v2\/media?parent=37656"}],"wp:term":[{"taxonomy":"category","embeddable":true,"href":"https:\/\/marketac.eu\/fr\/wp-json\/wp\/v2\/categories?post=37656"},{"taxonomy":"post_tag","embeddable":true,"href":"https:\/\/marketac.eu\/fr\/wp-json\/wp\/v2\/tags?post=37656"}],"curies":[{"name":"wp","href":"https:\/\/api.w.org\/{rel}","templated":true}]}}